{"id":3193,"date":"2021-05-21T10:20:42","date_gmt":"2021-05-21T08:20:42","guid":{"rendered":"https:\/\/grupopht.com\/?p=3193"},"modified":"2021-05-21T10:20:42","modified_gmt":"2021-05-21T08:20:42","slug":"aportacion-de-los-plasticos-reforzados-para-la-industria","status":"publish","type":"post","link":"https:\/\/grupopht.com\/en\/blog\/aportacion-de-los-plasticos-reforzados-para-la-industria\/","title":{"rendered":"Aportaci\u00f3n de los pl\u00e1sticos reforzados para la industria"},"content":{"rendered":"\n<figure class=\"wp-block-image\"><img fetchpriority=\"high\" decoding=\"async\" width=\"1024\" height=\"682\" src=\"https:\/\/grupopht.com\/wp-content\/uploads\/sites\/2\/2021\/04\/image-4-1024x682.png\" alt=\"\" class=\"wp-image-3317\" srcset=\"https:\/\/grupopht.com\/en\/wp-content\/uploads\/sites\/2\/2021\/04\/image-4-1024x682.png 1024w, https:\/\/grupopht.com\/en\/wp-content\/uploads\/sites\/2\/2021\/04\/image-4-300x200.png 300w, https:\/\/grupopht.com\/en\/wp-content\/uploads\/sites\/2\/2021\/04\/image-4-768x512.png 768w, https:\/\/grupopht.com\/en\/wp-content\/uploads\/sites\/2\/2021\/04\/image-4.png 1234w\" sizes=\"(max-width: 1024px) 100vw, 1024px\" \/><\/figure>\n\n\n\n<p>El&nbsp;<strong>pl\u00e1stico reforzado con fibra de vidrio -PRFV-<\/strong>&nbsp;es un material compuesto formado por&nbsp;<strong>resinas termoestables<\/strong>&nbsp;y pl\u00e1stico que combinado con<strong>&nbsp;fibras de vidrio<\/strong>&nbsp;permite obtener productos con las mejores propiedades mec\u00e1nicas.&nbsp;<\/p>\n\n\n\n<p>Las resinas que se usan en el pl\u00e1stico reforzado con fibra de vidrio para la industria son&nbsp;<strong>muy resistentes a la compresi\u00f3n<\/strong>&nbsp;y soportan muy bien las altas temperaturas. Sin embargo, no son flexibles y cuentan con poca o ninguna tracci\u00f3n.&nbsp;<\/p>\n\n\n\n<p>De ah\u00ed que para mejorar sus propiedades sea necesario un refuerzo con otros materiales como la fibra de vidrio, realmente flexible y con una&nbsp;<strong>gran resistencia a la tracci\u00f3n<\/strong>.&nbsp;&nbsp;<\/p>\n\n\n\n<p>La t\u00e9cnica para obtener las fibras de vidrio es sencilla. Consiste en calentar el material para, posteriormente convertirlo en finas hebras. Para ello, se usa principalmente&nbsp;<strong>vidrio de clase E<\/strong>, un compuesto boros\u00edlico -\u00f3xido de silicio y boro- con un peque\u00f1o porcentaje de \u00e1lcalis -\u00f3xido met\u00e1lico soluble en agua-.<\/p>\n\n\n\n<p>Por ello, la resistencia mec\u00e1nica del pl\u00e1stico reforzado con fibra de vidrio depender\u00e1 de la cantidad de fibra de vidrio y el tipo de resina que este tenga. De este modo, cuanta m\u00e1s cantidad de fibra de vidrio contenga, mayor ser\u00e1 la resistencia del pl\u00e1stico.&nbsp;<\/p>\n\n\n\n<p>Podemos encontrar&nbsp;<strong>diferentes tipos de fibra de vidrio<\/strong>:<\/p>\n\n\n\n<ul class=\"wp-block-list\"><li><strong>Tipo E<\/strong>: diel\u00e9ctricos, se usan para el refuerzo de composites.<\/li><li><strong>Tipo R<\/strong>: prestaciones mec\u00e1nicas.<\/li><li><strong>Tipo D<\/strong>: utilizada en radares, por ejemplo.<\/li><li><strong>Tipo AR<\/strong>: gran resistencia a los \u00e1lcalis.<\/li><li><strong>Tipo C<\/strong>: resistencia frente a agentes qu\u00edmicos.<\/li><\/ul>\n\n\n\n<h2 class=\"wp-block-heading\"><strong>Uso del pl\u00e1stico reforzado con fibra de vidrio&nbsp;<\/strong><\/h2>\n\n\n\n<p>Los usos de los&nbsp;<a href=\"\/\/\/Users\/lauragarcialinero\/Desktop\/blog.ph-technology.net\/plasticos-de-calidad-para-la-industria-quimica.html\" rel=\"noreferrer noopener\" target=\"_blank\">pl\u00e1sticos t\u00e9cnicos para la industria qu\u00edmica<\/a>, por ejemplo, dependen del tipo de resina que se utilice para hacer el pl\u00e1stico. Son los siguientes:<\/p>\n\n\n\n<ul class=\"wp-block-list\"><li><strong>Poli\u00e9ster<\/strong>: la resina m\u00e1s usada en la creaci\u00f3n de PRFV como material de base para realizar refuerzos.&nbsp;<\/li><li><strong>Fen\u00f3lica<\/strong>: una resina muy resistente al fuego y altas temperaturas.<\/li><li><strong>Vinil\u00e9ster<\/strong>: resistente a la corrosi\u00f3n.<\/li><li><strong>Epoxi<\/strong>: destaca por sus caracter\u00edsticas el\u00e9ctricas.&nbsp;<\/li><\/ul>\n\n\n\n<p>El pl\u00e1stico reforzado con fibra de vidrio es la soluci\u00f3n en diversos sectores como la industria qu\u00edmica o minera, entre otros muchos m\u00e1s. De ah\u00ed que podamos encontrar este material en:<\/p>\n\n\n\n<ul class=\"wp-block-list\"><li>Tanques de almacenamiento de agua, qu\u00edmico u otros productos como los destinados a la alimentaci\u00f3n.&nbsp;<\/li><li>Chimeneas y torres de enfriamiento.&nbsp;<\/li><li>Revestimientos de nav\u00edos.<\/li><li>Construcci\u00f3n de aviones.<\/li><li>Tuber\u00edas en PRFV para conducci\u00f3n de agua y productos qu\u00edmicos.<\/li><li><a href=\"\/\/\/Users\/lauragarcialinero\/Desktop\/blog.ph-technology.net\/ventajas-de-los-plasticos-tecnicos-para-plantas-desalinizadoras.html\" rel=\"noreferrer noopener\" target=\"_blank\">Plantas desalinizadoras<\/a>&nbsp;o de tratamiento de aguas.<\/li><li>Carrocer\u00edas de veh\u00edculos.<\/li><li>Transporte de vapores.<\/li><li>Televisores, radios, ordenadores, tel\u00e9fonos y similares.&nbsp;<\/li><\/ul>\n\n\n\n<h2 class=\"wp-block-heading\"><strong>Ventajas de los pl\u00e1sticos reforzados con fibra de vidrio<\/strong><\/h2>\n\n\n\n<ul class=\"wp-block-list\"><li>Peso ligero.<\/li><li>Alta resistencia a impactos.<\/li><li>F\u00e1cil transporte.&nbsp;<\/li><li>Resistentes mec\u00e1nicamente.<\/li><li>Resisten a la corrosi\u00f3n.<\/li><li>Soportan temperaturas muy altas.&nbsp;<\/li><li>Son buenos aislantes t\u00e9rmicos.<\/li><li>Se pueden manejar y moldear con facilidad.<\/li><li>Son econ\u00f3micos.<\/li><li>Buenas prestaciones a la intemperie.&nbsp;<\/li><li>Aislante t\u00e9rmico.<\/li><li>Propiedades antideslizantes.<\/li><li>Caracter\u00edsticas hidr\u00e1ulicas.<\/li><li>Su mantenimiento y reparaci\u00f3n es sencilla.&nbsp;<\/li><li>Aislante el\u00e9ctrico.&nbsp;<\/li><li>Buen ign\u00edfugo y retardante de fuego.&nbsp;<\/li><li>Resistencia al desgaste.<\/li><li>Resistencia a rayos UV.<\/li><li>Bueno en ambientes agresivos.&nbsp;<\/li><li>Amplia gama de filamentos, tama\u00f1os, tipos de fibra, etc. Es muy vers\u00e1til.<\/li><\/ul>\n\n\n\n<div class=\"wp-block-image\"><figure class=\"aligncenter size-large\"><a href=\"https:\/\/grupopht.com\/catalogo-ph-technology\/\" target=\"_blank\" rel=\"noopener\"><img decoding=\"async\" src=\"https:\/\/grupopht.com\/wp-content\/uploads\/sites\/2\/2019\/07\/Captura-de-pantalla-2019-07-25-a-las-11.00.50-1.png\" alt=\"descargar catalogo productos y servicios PH\" class=\"wp-image-2924\" \/><\/a><\/figure><\/div>\n","protected":false},"excerpt":{"rendered":"<p>El&nbsp;pl\u00e1stico reforzado con fibra de vidrio -PRFV-&nbsp;es un material compuesto formado por&nbsp;resinas termoestables&nbsp;y pl\u00e1stico que combinado con&nbsp;fibras de vidrio&nbsp;permite obtener productos con las mejores propiedades mec\u00e1nicas.&nbsp; Las resinas que se usan en el pl\u00e1stico reforzado con fibra de vidrio para la industria son&nbsp;muy resistentes a la compresi\u00f3n&nbsp;y soportan muy bien las altas temperaturas. Sin embargo, [&hellip;]<\/p>\n","protected":false},"author":7,"featured_media":3194,"comment_status":"closed","ping_status":"closed","sticky":false,"template":"","format":"standard","meta":{"footnotes":""},"categories":[2],"tags":[],"class_list":["post-3193","post","type-post","status-publish","format-standard","has-post-thumbnail","hentry","category-blog"],"yoast_head":"<!-- This site is optimized with the Yoast SEO plugin v27.2 - https:\/\/yoast.com\/product\/yoast-seo-wordpress\/ -->\n<title>Aportaci\u00f3n de los pl\u00e1sticos reforzados para la industria - Grupohpt English<\/title>\n<meta name=\"robots\" content=\"index, follow, max-snippet:-1, max-image-preview:large, max-video-preview:-1\" \/>\n<link rel=\"canonical\" href=\"https:\/\/grupopht.com\/en\/blog\/aportacion-de-los-plasticos-reforzados-para-la-industria\/\" \/>\n<meta property=\"og:locale\" content=\"en_US\" \/>\n<meta property=\"og:type\" content=\"article\" \/>\n<meta property=\"og:title\" content=\"Aportaci\u00f3n de los pl\u00e1sticos reforzados para la industria - Grupohpt English\" \/>\n<meta property=\"og:description\" content=\"El&nbsp;pl\u00e1stico reforzado con fibra de vidrio -PRFV-&nbsp;es un material compuesto formado por&nbsp;resinas termoestables&nbsp;y pl\u00e1stico que combinado con&nbsp;fibras de vidrio&nbsp;permite obtener productos con las mejores propiedades mec\u00e1nicas.&nbsp; Las resinas que se usan en el pl\u00e1stico reforzado con fibra de vidrio para la industria son&nbsp;muy resistentes a la compresi\u00f3n&nbsp;y soportan muy bien las altas temperaturas. Sin embargo, [&hellip;]\" \/>\n<meta property=\"og:url\" content=\"https:\/\/grupopht.com\/en\/blog\/aportacion-de-los-plasticos-reforzados-para-la-industria\/\" \/>\n<meta property=\"og:site_name\" content=\"Grupohpt English\" \/>\n<meta property=\"article:published_time\" content=\"2021-05-21T08:20:42+00:00\" \/>\n<meta property=\"og:image\" content=\"https:\/\/grupopht.com\/en\/wp-content\/uploads\/sites\/2\/2021\/04\/Captura-de-pantalla-2021-04-12-a-las-17.18.14.png\" \/>\n\t<meta property=\"og:image:width\" content=\"1234\" \/>\n\t<meta property=\"og:image:height\" content=\"822\" \/>\n\t<meta property=\"og:image:type\" content=\"image\/png\" \/>\n<meta name=\"author\" content=\"laura\" \/>\n<meta name=\"twitter:card\" content=\"summary_large_image\" \/>\n<meta name=\"twitter:label1\" content=\"Written by\" \/>\n\t<meta name=\"twitter:data1\" content=\"laura\" \/>\n\t<meta name=\"twitter:label2\" content=\"Est. reading time\" \/>\n\t<meta name=\"twitter:data2\" content=\"3 minutes\" \/>\n<script type=\"application\/ld+json\" class=\"yoast-schema-graph\">{\"@context\":\"https:\/\/schema.org\",\"@graph\":[{\"@type\":\"Article\",\"@id\":\"https:\/\/grupopht.com\/en\/blog\/aportacion-de-los-plasticos-reforzados-para-la-industria\/#article\",\"isPartOf\":{\"@id\":\"https:\/\/grupopht.com\/en\/blog\/aportacion-de-los-plasticos-reforzados-para-la-industria\/\"},\"author\":{\"name\":\"laura\",\"@id\":\"https:\/\/grupopht.com\/en\/#\/schema\/person\/95f9e17b0c374a1d1054b84f4d0078c9\"},\"headline\":\"Aportaci\u00f3n de los pl\u00e1sticos reforzados para la industria\",\"datePublished\":\"2021-05-21T08:20:42+00:00\",\"mainEntityOfPage\":{\"@id\":\"https:\/\/grupopht.com\/en\/blog\/aportacion-de-los-plasticos-reforzados-para-la-industria\/\"},\"wordCount\":588,\"publisher\":{\"@id\":\"https:\/\/grupopht.com\/en\/#organization\"},\"image\":{\"@id\":\"https:\/\/grupopht.com\/en\/blog\/aportacion-de-los-plasticos-reforzados-para-la-industria\/#primaryimage\"},\"thumbnailUrl\":\"https:\/\/grupopht.com\/en\/wp-content\/uploads\/sites\/2\/2021\/04\/Captura-de-pantalla-2021-04-12-a-las-17.18.14.png\",\"articleSection\":[\"Blog\"],\"inLanguage\":\"en-US\"},{\"@type\":\"WebPage\",\"@id\":\"https:\/\/grupopht.com\/en\/blog\/aportacion-de-los-plasticos-reforzados-para-la-industria\/\",\"url\":\"https:\/\/grupopht.com\/en\/blog\/aportacion-de-los-plasticos-reforzados-para-la-industria\/\",\"name\":\"Aportaci\u00f3n de los pl\u00e1sticos reforzados para la industria - Grupohpt English\",\"isPartOf\":{\"@id\":\"https:\/\/grupopht.com\/en\/#website\"},\"primaryImageOfPage\":{\"@id\":\"https:\/\/grupopht.com\/en\/blog\/aportacion-de-los-plasticos-reforzados-para-la-industria\/#primaryimage\"},\"image\":{\"@id\":\"https:\/\/grupopht.com\/en\/blog\/aportacion-de-los-plasticos-reforzados-para-la-industria\/#primaryimage\"},\"thumbnailUrl\":\"https:\/\/grupopht.com\/en\/wp-content\/uploads\/sites\/2\/2021\/04\/Captura-de-pantalla-2021-04-12-a-las-17.18.14.png\",\"datePublished\":\"2021-05-21T08:20:42+00:00\",\"breadcrumb\":{\"@id\":\"https:\/\/grupopht.com\/en\/blog\/aportacion-de-los-plasticos-reforzados-para-la-industria\/#breadcrumb\"},\"inLanguage\":\"en-US\",\"potentialAction\":[{\"@type\":\"ReadAction\",\"target\":[\"https:\/\/grupopht.com\/en\/blog\/aportacion-de-los-plasticos-reforzados-para-la-industria\/\"]}]},{\"@type\":\"ImageObject\",\"inLanguage\":\"en-US\",\"@id\":\"https:\/\/grupopht.com\/en\/blog\/aportacion-de-los-plasticos-reforzados-para-la-industria\/#primaryimage\",\"url\":\"https:\/\/grupopht.com\/en\/wp-content\/uploads\/sites\/2\/2021\/04\/Captura-de-pantalla-2021-04-12-a-las-17.18.14.png\",\"contentUrl\":\"https:\/\/grupopht.com\/en\/wp-content\/uploads\/sites\/2\/2021\/04\/Captura-de-pantalla-2021-04-12-a-las-17.18.14.png\",\"width\":1234,\"height\":822},{\"@type\":\"BreadcrumbList\",\"@id\":\"https:\/\/grupopht.com\/en\/blog\/aportacion-de-los-plasticos-reforzados-para-la-industria\/#breadcrumb\",\"itemListElement\":[{\"@type\":\"ListItem\",\"position\":1,\"name\":\"Portada\",\"item\":\"https:\/\/grupopht.com\/en\/\"},{\"@type\":\"ListItem\",\"position\":2,\"name\":\"Aportaci\u00f3n de los pl\u00e1sticos reforzados para la industria\"}]},{\"@type\":\"WebSite\",\"@id\":\"https:\/\/grupopht.com\/en\/#website\",\"url\":\"https:\/\/grupopht.com\/en\/\",\"name\":\"Grupohpt English\",\"description\":\"\",\"publisher\":{\"@id\":\"https:\/\/grupopht.com\/en\/#organization\"},\"potentialAction\":[{\"@type\":\"SearchAction\",\"target\":{\"@type\":\"EntryPoint\",\"urlTemplate\":\"https:\/\/grupopht.com\/en\/?s={search_term_string}\"},\"query-input\":{\"@type\":\"PropertyValueSpecification\",\"valueRequired\":true,\"valueName\":\"search_term_string\"}}],\"inLanguage\":\"en-US\"},{\"@type\":\"Organization\",\"@id\":\"https:\/\/grupopht.com\/en\/#organization\",\"name\":\"Grupohpt English\",\"url\":\"https:\/\/grupopht.com\/en\/\",\"logo\":{\"@type\":\"ImageObject\",\"inLanguage\":\"en-US\",\"@id\":\"https:\/\/grupopht.com\/en\/#\/schema\/logo\/image\/\",\"url\":\"https:\/\/grupopht.com\/en\/wp-content\/uploads\/sites\/2\/2018\/12\/ph-technology.png\",\"contentUrl\":\"https:\/\/grupopht.com\/en\/wp-content\/uploads\/sites\/2\/2018\/12\/ph-technology.png\",\"width\":600,\"height\":280,\"caption\":\"Grupohpt English\"},\"image\":{\"@id\":\"https:\/\/grupopht.com\/en\/#\/schema\/logo\/image\/\"}},{\"@type\":\"Person\",\"@id\":\"https:\/\/grupopht.com\/en\/#\/schema\/person\/95f9e17b0c374a1d1054b84f4d0078c9\",\"name\":\"laura\",\"image\":{\"@type\":\"ImageObject\",\"inLanguage\":\"en-US\",\"@id\":\"https:\/\/secure.gravatar.com\/avatar\/?s=96&d=mm&r=g\",\"url\":\"https:\/\/secure.gravatar.com\/avatar\/?s=96&d=mm&r=g\",\"contentUrl\":\"https:\/\/secure.gravatar.com\/avatar\/?s=96&d=mm&r=g\",\"caption\":\"laura\"},\"url\":\"https:\/\/grupopht.com\/en\/author\/laura\/\"}]}<\/script>\n<!-- \/ Yoast SEO plugin. -->","yoast_head_json":{"title":"Aportaci\u00f3n de los pl\u00e1sticos reforzados para la industria - Grupohpt English","robots":{"index":"index","follow":"follow","max-snippet":"max-snippet:-1","max-image-preview":"max-image-preview:large","max-video-preview":"max-video-preview:-1"},"canonical":"https:\/\/grupopht.com\/en\/blog\/aportacion-de-los-plasticos-reforzados-para-la-industria\/","og_locale":"en_US","og_type":"article","og_title":"Aportaci\u00f3n de los pl\u00e1sticos reforzados para la industria - Grupohpt English","og_description":"El&nbsp;pl\u00e1stico reforzado con fibra de vidrio -PRFV-&nbsp;es un material compuesto formado por&nbsp;resinas termoestables&nbsp;y pl\u00e1stico que combinado con&nbsp;fibras de vidrio&nbsp;permite obtener productos con las mejores propiedades mec\u00e1nicas.&nbsp; Las resinas que se usan en el pl\u00e1stico reforzado con fibra de vidrio para la industria son&nbsp;muy resistentes a la compresi\u00f3n&nbsp;y soportan muy bien las altas temperaturas. Sin embargo, [&hellip;]","og_url":"https:\/\/grupopht.com\/en\/blog\/aportacion-de-los-plasticos-reforzados-para-la-industria\/","og_site_name":"Grupohpt English","article_published_time":"2021-05-21T08:20:42+00:00","og_image":[{"width":1234,"height":822,"url":"https:\/\/grupopht.com\/en\/wp-content\/uploads\/sites\/2\/2021\/04\/Captura-de-pantalla-2021-04-12-a-las-17.18.14.png","type":"image\/png"}],"author":"laura","twitter_card":"summary_large_image","twitter_misc":{"Written by":"laura","Est. reading time":"3 minutes"},"schema":{"@context":"https:\/\/schema.org","@graph":[{"@type":"Article","@id":"https:\/\/grupopht.com\/en\/blog\/aportacion-de-los-plasticos-reforzados-para-la-industria\/#article","isPartOf":{"@id":"https:\/\/grupopht.com\/en\/blog\/aportacion-de-los-plasticos-reforzados-para-la-industria\/"},"author":{"name":"laura","@id":"https:\/\/grupopht.com\/en\/#\/schema\/person\/95f9e17b0c374a1d1054b84f4d0078c9"},"headline":"Aportaci\u00f3n de los pl\u00e1sticos reforzados para la industria","datePublished":"2021-05-21T08:20:42+00:00","mainEntityOfPage":{"@id":"https:\/\/grupopht.com\/en\/blog\/aportacion-de-los-plasticos-reforzados-para-la-industria\/"},"wordCount":588,"publisher":{"@id":"https:\/\/grupopht.com\/en\/#organization"},"image":{"@id":"https:\/\/grupopht.com\/en\/blog\/aportacion-de-los-plasticos-reforzados-para-la-industria\/#primaryimage"},"thumbnailUrl":"https:\/\/grupopht.com\/en\/wp-content\/uploads\/sites\/2\/2021\/04\/Captura-de-pantalla-2021-04-12-a-las-17.18.14.png","articleSection":["Blog"],"inLanguage":"en-US"},{"@type":"WebPage","@id":"https:\/\/grupopht.com\/en\/blog\/aportacion-de-los-plasticos-reforzados-para-la-industria\/","url":"https:\/\/grupopht.com\/en\/blog\/aportacion-de-los-plasticos-reforzados-para-la-industria\/","name":"Aportaci\u00f3n de los pl\u00e1sticos reforzados para la industria - Grupohpt English","isPartOf":{"@id":"https:\/\/grupopht.com\/en\/#website"},"primaryImageOfPage":{"@id":"https:\/\/grupopht.com\/en\/blog\/aportacion-de-los-plasticos-reforzados-para-la-industria\/#primaryimage"},"image":{"@id":"https:\/\/grupopht.com\/en\/blog\/aportacion-de-los-plasticos-reforzados-para-la-industria\/#primaryimage"},"thumbnailUrl":"https:\/\/grupopht.com\/en\/wp-content\/uploads\/sites\/2\/2021\/04\/Captura-de-pantalla-2021-04-12-a-las-17.18.14.png","datePublished":"2021-05-21T08:20:42+00:00","breadcrumb":{"@id":"https:\/\/grupopht.com\/en\/blog\/aportacion-de-los-plasticos-reforzados-para-la-industria\/#breadcrumb"},"inLanguage":"en-US","potentialAction":[{"@type":"ReadAction","target":["https:\/\/grupopht.com\/en\/blog\/aportacion-de-los-plasticos-reforzados-para-la-industria\/"]}]},{"@type":"ImageObject","inLanguage":"en-US","@id":"https:\/\/grupopht.com\/en\/blog\/aportacion-de-los-plasticos-reforzados-para-la-industria\/#primaryimage","url":"https:\/\/grupopht.com\/en\/wp-content\/uploads\/sites\/2\/2021\/04\/Captura-de-pantalla-2021-04-12-a-las-17.18.14.png","contentUrl":"https:\/\/grupopht.com\/en\/wp-content\/uploads\/sites\/2\/2021\/04\/Captura-de-pantalla-2021-04-12-a-las-17.18.14.png","width":1234,"height":822},{"@type":"BreadcrumbList","@id":"https:\/\/grupopht.com\/en\/blog\/aportacion-de-los-plasticos-reforzados-para-la-industria\/#breadcrumb","itemListElement":[{"@type":"ListItem","position":1,"name":"Portada","item":"https:\/\/grupopht.com\/en\/"},{"@type":"ListItem","position":2,"name":"Aportaci\u00f3n de los pl\u00e1sticos reforzados para la industria"}]},{"@type":"WebSite","@id":"https:\/\/grupopht.com\/en\/#website","url":"https:\/\/grupopht.com\/en\/","name":"Grupohpt English","description":"","publisher":{"@id":"https:\/\/grupopht.com\/en\/#organization"},"potentialAction":[{"@type":"SearchAction","target":{"@type":"EntryPoint","urlTemplate":"https:\/\/grupopht.com\/en\/?s={search_term_string}"},"query-input":{"@type":"PropertyValueSpecification","valueRequired":true,"valueName":"search_term_string"}}],"inLanguage":"en-US"},{"@type":"Organization","@id":"https:\/\/grupopht.com\/en\/#organization","name":"Grupohpt English","url":"https:\/\/grupopht.com\/en\/","logo":{"@type":"ImageObject","inLanguage":"en-US","@id":"https:\/\/grupopht.com\/en\/#\/schema\/logo\/image\/","url":"https:\/\/grupopht.com\/en\/wp-content\/uploads\/sites\/2\/2018\/12\/ph-technology.png","contentUrl":"https:\/\/grupopht.com\/en\/wp-content\/uploads\/sites\/2\/2018\/12\/ph-technology.png","width":600,"height":280,"caption":"Grupohpt English"},"image":{"@id":"https:\/\/grupopht.com\/en\/#\/schema\/logo\/image\/"}},{"@type":"Person","@id":"https:\/\/grupopht.com\/en\/#\/schema\/person\/95f9e17b0c374a1d1054b84f4d0078c9","name":"laura","image":{"@type":"ImageObject","inLanguage":"en-US","@id":"https:\/\/secure.gravatar.com\/avatar\/?s=96&d=mm&r=g","url":"https:\/\/secure.gravatar.com\/avatar\/?s=96&d=mm&r=g","contentUrl":"https:\/\/secure.gravatar.com\/avatar\/?s=96&d=mm&r=g","caption":"laura"},"url":"https:\/\/grupopht.com\/en\/author\/laura\/"}]}},"_links":{"self":[{"href":"https:\/\/grupopht.com\/en\/wp-json\/wp\/v2\/posts\/3193","targetHints":{"allow":["GET"]}}],"collection":[{"href":"https:\/\/grupopht.com\/en\/wp-json\/wp\/v2\/posts"}],"about":[{"href":"https:\/\/grupopht.com\/en\/wp-json\/wp\/v2\/types\/post"}],"author":[{"embeddable":true,"href":"https:\/\/grupopht.com\/en\/wp-json\/wp\/v2\/users\/7"}],"replies":[{"embeddable":true,"href":"https:\/\/grupopht.com\/en\/wp-json\/wp\/v2\/comments?post=3193"}],"version-history":[{"count":0,"href":"https:\/\/grupopht.com\/en\/wp-json\/wp\/v2\/posts\/3193\/revisions"}],"wp:featuredmedia":[{"embeddable":true,"href":"https:\/\/grupopht.com\/en\/wp-json\/wp\/v2\/media\/3194"}],"wp:attachment":[{"href":"https:\/\/grupopht.com\/en\/wp-json\/wp\/v2\/media?parent=3193"}],"wp:term":[{"taxonomy":"category","embeddable":true,"href":"https:\/\/grupopht.com\/en\/wp-json\/wp\/v2\/categories?post=3193"},{"taxonomy":"post_tag","embeddable":true,"href":"https:\/\/grupopht.com\/en\/wp-json\/wp\/v2\/tags?post=3193"}],"curies":[{"name":"wp","href":"https:\/\/api.w.org\/{rel}","templated":true}]}}